{"id":10749,"date":"2026-03-17T21:22:56","date_gmt":"2026-03-17T21:22:56","guid":{"rendered":"https:\/\/peopleofcostarica.com\/?p=10749"},"modified":"2026-03-18T20:05:50","modified_gmt":"2026-03-18T20:05:50","slug":"san-jose-se-convierte-en-escenario-de-fe-tradicion-y-creacion-cultural-esta-semana-santa","status":"publish","type":"post","link":"https:\/\/peopleofcostarica.com\/es\/san-jose-se-convierte-en-escenario-de-fe-tradicion-y-creacion-cultural-esta-semana-santa\/","title":{"rendered":"San Jos\u00e9 se convierte en escenario de fe, tradici\u00f3n y creaci\u00f3n cultural esta Semana Santa"},"content":{"rendered":"\n<div class=\"wp-block-cover is-light\"><img fetchpriority=\"high\" decoding=\"async\" width=\"1024\" height=\"683\" class=\"wp-block-cover__image-background wp-image-10801 size-large\" alt=\"\" src=\"https:\/\/peopleofcostarica.com\/wp-content\/uploads\/2026\/03\/pexels-brett-sayles-1343325-1024x683.jpg\" data-object-fit=\"cover\" srcset=\"https:\/\/peopleofcostarica.com\/wp-content\/uploads\/2026\/03\/pexels-brett-sayles-1343325-1024x683.jpg 1024w, https:\/\/peopleofcostarica.com\/wp-content\/uploads\/2026\/03\/pexels-brett-sayles-1343325-300x200.jpg 300w, https:\/\/peopleofcostarica.com\/wp-content\/uploads\/2026\/03\/pexels-brett-sayles-1343325-768x512.jpg 768w, https:\/\/peopleofcostarica.com\/wp-content\/uploads\/2026\/03\/pexels-brett-sayles-1343325-1536x1024.jpg 1536w, https:\/\/peopleofcostarica.com\/wp-content\/uploads\/2026\/03\/pexels-brett-sayles-1343325-2048x1366.jpg 2048w, https:\/\/peopleofcostarica.com\/wp-content\/uploads\/2026\/03\/pexels-brett-sayles-1343325-1320x880.jpg 1320w\" sizes=\"(max-width: 1024px) 100vw, 1024px\" \/><span aria-hidden=\"true\" class=\"wp-block-cover__background has-background-dim\" style=\"background-color:#c0dbe7\"><\/span><div class=\"wp-block-cover__inner-container is-layout-constrained wp-block-cover-is-layout-constrained\">\n<div class=\"wp-block-buttons is-content-justification-center is-layout-flex wp-container-core-buttons-is-layout-a89b3969 wp-block-buttons-is-layout-flex\">\n<div class=\"wp-block-button is-style-fill\"><a class=\"wp-block-button__link has-black-color has-pale-cyan-blue-background-color has-text-color has-background has-link-color has-large-font-size has-custom-font-size wp-element-button\" href=\"https:\/\/peopleofcostarica.com\/es\/programa-de-actividades-de-semana-santa-de-la-catedral-metropolitana-san-jose\/\">Agenda virtual<\/a><\/div>\n<\/div>\n<\/div><\/div>\n\n\n\n<p>Ministerio de Cultura y Juventud impulsa una programaci\u00f3n nacional que une arte, espiritualidad y comunidad en todo el pa\u00eds<\/p>\n\n\n\n<p>Bandas Nacionales de Concierto, el Teatro Popular Melico Salazar y el Taller Nacional de Teatro dan vida a las celebraciones<\/p>\n\n\n\n<p><strong>San Jos\u00e9, 17 de marzo de 2026<\/strong>. Las calles del centro de San Jos\u00e9 volver\u00e1n a llenarse de fervor, identidad y encuentro ciudadano durante la Semana Santa, gracias a un esfuerzo articulado entre el Ministerio de Cultura y Juventud (MCJ), el Teatro Popular Melico Salazar, la Municipalidad de San Jos\u00e9 y la Catedral Metropolitana.&nbsp; \ufffc<\/p>\n\n\n\n<p>Este trabajo conjunto permitir\u00e1 que las tradicionales procesiones se transformen en una experiencia cultural integral, donde el arte, la fe y la memoria colectiva se entrelazan para fortalecer el sentido de comunidad.<\/p>\n\n\n\n<p>Como parte de esta iniciativa, actores y actrices, dise\u00f1adores, t\u00e9cnicos, gestores culturales y la Banda Nacional de San Jos\u00e9 dar\u00e1n vida a representaciones esc\u00e9nicas que acompa\u00f1ar\u00e1n momentos emblem\u00e1ticos como la procesi\u00f3n del Encuentro y la procesi\u00f3n del Santo Entierro. Estas puestas en escena son posibles gracias al liderazgo del Teatro Popular Melico Salazar y a la participaci\u00f3n activa del Taller Nacional de Teatro, cuyos procesos formativos se integran directamente en la producci\u00f3n, consolidando una experiencia que articula creaci\u00f3n art\u00edstica, formaci\u00f3n profesional y tradici\u00f3n cultural.&nbsp; \ufffc<\/p>\n\n\n\n<figure class=\"wp-block-gallery has-nested-images columns-default is-cropped wp-block-gallery-1 is-layout-flex wp-block-gallery-is-layout-flex\">\n<figure class=\"wp-block-image size-large\"><img decoding=\"async\" width=\"1024\" height=\"683\" data-id=\"10784\" src=\"https:\/\/peopleofcostarica.com\/wp-content\/uploads\/2026\/03\/Banda-de-Conciertos-de-Heredia-11-1024x683.jpg\" alt=\"\" class=\"wp-image-10784\" srcset=\"https:\/\/peopleofcostarica.com\/wp-content\/uploads\/2026\/03\/Banda-de-Conciertos-de-Heredia-11-1024x683.jpg 1024w, https:\/\/peopleofcostarica.com\/wp-content\/uploads\/2026\/03\/Banda-de-Conciertos-de-Heredia-11-300x200.jpg 300w, https:\/\/peopleofcostarica.com\/wp-content\/uploads\/2026\/03\/Banda-de-Conciertos-de-Heredia-11-768x512.jpg 768w, https:\/\/peopleofcostarica.com\/wp-content\/uploads\/2026\/03\/Banda-de-Conciertos-de-Heredia-11-1536x1024.jpg 1536w, https:\/\/peopleofcostarica.com\/wp-content\/uploads\/2026\/03\/Banda-de-Conciertos-de-Heredia-11-1320x880.jpg 1320w, https:\/\/peopleofcostarica.com\/wp-content\/uploads\/2026\/03\/Banda-de-Conciertos-de-Heredia-11.jpg 2048w\" sizes=\"(max-width: 1024px) 100vw, 1024px\" \/><\/figure>\n\n\n\n<figure class=\"wp-block-image size-large\"><img decoding=\"async\" width=\"1024\" height=\"485\" data-id=\"10782\" src=\"https:\/\/peopleofcostarica.com\/wp-content\/uploads\/2026\/03\/Banda-de-Conciertos-de-San-Jose-3-1024x485.jpg\" alt=\"\" class=\"wp-image-10782\" srcset=\"https:\/\/peopleofcostarica.com\/wp-content\/uploads\/2026\/03\/Banda-de-Conciertos-de-San-Jose-3-1024x485.jpg 1024w, https:\/\/peopleofcostarica.com\/wp-content\/uploads\/2026\/03\/Banda-de-Conciertos-de-San-Jose-3-300x142.jpg 300w, https:\/\/peopleofcostarica.com\/wp-content\/uploads\/2026\/03\/Banda-de-Conciertos-de-San-Jose-3-768x364.jpg 768w, https:\/\/peopleofcostarica.com\/wp-content\/uploads\/2026\/03\/Banda-de-Conciertos-de-San-Jose-3.jpg 1032w\" sizes=\"(max-width: 1024px) 100vw, 1024px\" \/><\/figure>\n\n\n\n<figure class=\"wp-block-image size-full\"><img loading=\"lazy\" decoding=\"async\" width=\"656\" height=\"551\" data-id=\"10783\" src=\"https:\/\/peopleofcostarica.com\/wp-content\/uploads\/2026\/03\/IMG3.jpg\" alt=\"\" class=\"wp-image-10783\" srcset=\"https:\/\/peopleofcostarica.com\/wp-content\/uploads\/2026\/03\/IMG3.jpg 656w, https:\/\/peopleofcostarica.com\/wp-content\/uploads\/2026\/03\/IMG3-300x252.jpg 300w\" sizes=\"(max-width: 656px) 100vw, 656px\" \/><\/figure>\n<\/figure>\n\n\n\n<p>Si bien esta producci\u00f3n tendr\u00e1 como epicentro el cant\u00f3n central de San Jos\u00e9, el Ministerio de Cultura y Juventud despliega una programaci\u00f3n de alcance nacional. En todas las provincias, las Bandas Nacionales de Concierto acompa\u00f1ar\u00e1n las celebraciones de Semana Santa, llevando m\u00fasica, tradici\u00f3n y sentido de comunidad a los territorios, y reafirmando su rol como una de las instituciones culturales m\u00e1s cercanas a la ciudadan\u00eda.<\/p>\n\n\n\n<p>Esta programaci\u00f3n articula las capacidades del Teatro Popular Melico Salazar, el trabajo territorial de las Bandas Nacionales de Concierto y la formaci\u00f3n del Taller Nacional de Teatro, garantizando acceso cultural en todo el pa\u00eds, dinamizando el espacio p\u00fablico, fortaleciendo el turismo y generando oportunidades para el sector cultural.<\/p>\n\n\n\n<p>\u201cEstas representaciones nos recuerdan que la cultura tambi\u00e9n es una forma de preservar la espiritualidad de una naci\u00f3n. Cuando las calles se llenan de personas que caminan juntas y el arte ayuda a narrar una historia que ha atravesado siglos, lo que emerge es una experiencia compartida de pertenencia. Desde el Ministerio asumimos este compromiso con nuestros artistas, con la producci\u00f3n cultural y con una ciudadan\u00eda que merece vivir su fe y su tradici\u00f3n en comunidad, reafirmando que esta vivencia pertenece a todo un pa\u00eds\u201d, afirm\u00f3 Jorge Rodr\u00edguez Vives, ministro de Cultura y Juventud.<\/p>\n\n\n\n<p>Las actividades se desarrollar\u00e1n del 28 de marzo al 5 de abril, con recorridos que conectar\u00e1n la Catedral Metropolitana con distintas parroquias del cant\u00f3n central de San Jos\u00e9, consolidando a la ciudad como un punto de encuentro cultural durante esta temporada.<\/p>\n\n\n\n<iframe src=\"https:\/\/drive.google.com\/file\/d\/1aU8jE7DaAe4BTBmDAGjRIOK4qW-b62wr\/preview\" width=\"640\" height=\"480\"><\/iframe>\n\n\n\n<iframe src=\"https:\/\/drive.google.com\/file\/d\/1TIok36PS2Wb-Zc3ZV1PzWrLhJr5If3KM\/preview\" width=\"640\" height=\"480\"><\/iframe>\n\n\n\n<p><\/p>\n","protected":false},"excerpt":{"rendered":"<p>Ministerio de Cultura y Juventud impulsa una programaci\u00f3n nacional que une arte, espiritualidad y comunidad en todo el pa\u00eds Bandas Nacionales de Concierto, el Teatro Popular Melico Salazar y el Taller Nacional de Teatro dan vida a las celebraciones San Jos\u00e9, 17 de marzo de 2026. Las calles del centro de San Jos\u00e9 volver\u00e1n a [&hellip;]<\/p>\n","protected":false},"author":16,"featured_media":10750,"comment_status":"open","ping_status":"open","sticky":false,"template":"","format":"standard","meta":{"footnotes":""},"categories":[87,95],"tags":[],"class_list":["post-10749","post","type-post","status-publish","format-standard","has-post-thumbnail","hentry","category-noticias","category-festivales-y-celebraciones"],"_links":{"self":[{"href":"https:\/\/peopleofcostarica.com\/es\/wp-json\/wp\/v2\/posts\/10749","targetHints":{"allow":["GET"]}}],"collection":[{"href":"https:\/\/peopleofcostarica.com\/es\/wp-json\/wp\/v2\/posts"}],"about":[{"href":"https:\/\/peopleofcostarica.com\/es\/wp-json\/wp\/v2\/types\/post"}],"author":[{"embeddable":true,"href":"https:\/\/peopleofcostarica.com\/es\/wp-json\/wp\/v2\/users\/16"}],"replies":[{"embeddable":true,"href":"https:\/\/peopleofcostarica.com\/es\/wp-json\/wp\/v2\/comments?post=10749"}],"version-history":[{"count":4,"href":"https:\/\/peopleofcostarica.com\/es\/wp-json\/wp\/v2\/posts\/10749\/revisions"}],"predecessor-version":[{"id":10803,"href":"https:\/\/peopleofcostarica.com\/es\/wp-json\/wp\/v2\/posts\/10749\/revisions\/10803"}],"wp:featuredmedia":[{"embeddable":true,"href":"https:\/\/peopleofcostarica.com\/es\/wp-json\/wp\/v2\/media\/10750"}],"wp:attachment":[{"href":"https:\/\/peopleofcostarica.com\/es\/wp-json\/wp\/v2\/media?parent=10749"}],"wp:term":[{"taxonomy":"category","embeddable":true,"href":"https:\/\/peopleofcostarica.com\/es\/wp-json\/wp\/v2\/categories?post=10749"},{"taxonomy":"post_tag","embeddable":true,"href":"https:\/\/peopleofcostarica.com\/es\/wp-json\/wp\/v2\/tags?post=10749"}],"curies":[{"name":"wp","href":"https:\/\/api.w.org\/{rel}","templated":true}]}}