{"id":10695,"date":"2026-03-16T23:33:05","date_gmt":"2026-03-16T23:33:05","guid":{"rendered":"https:\/\/peopleofcostarica.com\/?p=10695"},"modified":"2026-03-16T23:34:07","modified_gmt":"2026-03-16T23:34:07","slug":"costa-rica-acelera-la-educacion-stem-con-un-programa-inspirado-en-la-formula-1","status":"publish","type":"post","link":"https:\/\/peopleofcostarica.com\/es\/costa-rica-acelera-la-educacion-stem-con-un-programa-inspirado-en-la-formula-1\/","title":{"rendered":"Costa Rica acelera la educaci\u00f3n STEM con un programa inspirado en la F\u00f3rmula 1"},"content":{"rendered":"\n<h2 class=\"wp-block-heading\">Impulso a la educaci\u00f3n STEM desde las aulas<\/h2>\n\n\n\n<p>El Ministerio de Educaci\u00f3n P\u00fablica (MEP) anunci\u00f3 el fortalecimiento de la educaci\u00f3n STEM en Costa Rica mediante el programa STEM Racing Costa Rica, una iniciativa inspirada en la F\u00f3rmula 1 que busca acercar a las y los estudiantes a carreras cient\u00edficas y tecnol\u00f3gicas. El proyecto forma parte de los esfuerzos del MEP por modernizar la ense\u00f1anza de ciencia, tecnolog\u00eda, ingenier\u00eda y matem\u00e1ticas, a trav\u00e9s de experiencias pr\u00e1cticas, competitivas y vinculadas con el sector productivo.<\/p>\n\n\n\n<h2 class=\"wp-block-heading\">Un programa inspirado en la F\u00f3rmula 1<\/h2>\n\n\n\n<p>STEM Racing Costa Rica toma como referencia el modelo internacional de competencias tipo F\u00f3rmula 1 in Schools, donde estudiantes dise\u00f1an y construyen autos en miniatura impulsados por aire comprimido. Esta metodolog\u00eda permite integrar contenidos de f\u00edsica, dise\u00f1o, aerodin\u00e1mica, programaci\u00f3n, trabajo en equipo y gesti\u00f3n de proyectos, en un entorno de aprendizaje activo y l\u00fadico. De acuerdo con informaci\u00f3n del MEP y de los organizadores, el objetivo es que el estudiantado \u201caprenda haciendo\u201d y vea las \u00e1reas STEM como opciones reales para su futuro acad\u00e9mico y laboral.<\/p>\n\n\n\n<h2 class=\"wp-block-heading\">Alcance nacional y centros educativos participantes<\/h2>\n\n\n\n<p>Desde su llegada al pa\u00eds en 2023, el programa STEM Racing Costa Rica ha impactado a m\u00e1s de 14.000 estudiantes por medio de competencias, giras educativas y actividades formativas en centros educativos p\u00fablicos y privados. Para la temporada 2026, el MEP inform\u00f3 que participar\u00e1n 84 centros educativos y m\u00e1s de 500 estudiantes de seis regiones: Central, Chorotega, Pac\u00edfico Central, Brunca, Huetar Caribe y Huetar Norte. Esta distribuci\u00f3n busca garantizar que el programa tenga alcance nacional y que no se concentre \u00fanicamente en el Gran \u00c1rea Metropolitana.<\/p>\n\n\n\n<h2 class=\"wp-block-heading\">Inversi\u00f3n para impulsar talento joven<\/h2>\n\n\n\n<p>Seg\u00fan los datos oficiales, desde su implementaci\u00f3n en Costa Rica, STEM Racing ha representado una inversi\u00f3n cercana a los 300.000 d\u00f3lares en herramientas tecnol\u00f3gicas, materiales educativos, formaci\u00f3n especializada y oportunidades acad\u00e9micas. Para el ciclo 2026 se proyecta una inversi\u00f3n adicional de aproximadamente 145.000 d\u00f3lares destinada a cubrir viajes, certificaciones, cursos especializados, materiales de competencia y acceso a plataformas educativas. A diferencia de otros pa\u00edses donde se desarrolla este tipo de competencia, la participaci\u00f3n para estudiantes costarricenses es totalmente gratuita, lo que ampl\u00eda el acceso a experiencias de alto nivel en ciencia y tecnolog\u00eda.<\/p>\n\n\n\n<h2 class=\"wp-block-heading\">Competencias y experiencias pr\u00e1cticas para el estudiantado<\/h2>\n\n\n\n<p>El programa se estructura en temporadas competitivas en las que los equipos estudiantiles deben dise\u00f1ar, fabricar y probar sus autos en miniatura para competir en pistas de 20 a 25 metros, simulando las carreras de F\u00f3rmula 1. Adem\u00e1s de las carreras, los equipos presentan portafolios de ingenier\u00eda, desarrollan identidades de marca y exponen sus proyectos ante jueces, lo que promueve habilidades de comunicaci\u00f3n, liderazgo y pensamiento cr\u00edtico. En temporadas anteriores, como la de 2025, participaron alrededor de 155 equipos y m\u00e1s de 900 estudiantes de diferentes regiones del pa\u00eds.<\/p>\n\n\n\n<h2 class=\"wp-block-heading\">Alianza entre el MEP y el sector privado<\/h2>\n\n\n\n<p>El programa se implementa gracias a un convenio entre el Ministerio de Educaci\u00f3n P\u00fablica y la Fundaci\u00f3n para la Reactivaci\u00f3n Econ\u00f3mica de la Micro, Peque\u00f1a y Mediana Empresa a trav\u00e9s del Centro de Pensamiento, Acci\u00f3n e Innovaci\u00f3n (EPICENTRO). Este acuerdo permite incorporar al programa a estudiantes de Colegios T\u00e9cnicos Profesionales (CTP), Institutos Profesionales de Educaci\u00f3n Comunitaria (IPEC) y Centros Integrados de Educaci\u00f3n de Adultos (CINDEA) en todo el pa\u00eds. El MEP ha se\u00f1alado que alianzas de este tipo son clave para conectar la educaci\u00f3n secundaria y t\u00e9cnica con las necesidades del mercado laboral y los sectores productivos emergentes.<\/p>\n\n\n\n<h2 class=\"wp-block-heading\">Desarrollo de habilidades para el futuro<\/h2>\n\n\n\n<p>Adem\u00e1s de fortalecer competencias t\u00e9cnicas en \u00e1reas STEM, el programa promueve habilidades blandas como liderazgo, trabajo en equipo, resoluci\u00f3n de problemas y pensamiento cr\u00edtico. Desde la perspectiva del MEP, estas capacidades son esenciales para preparar a las y los estudiantes para un mundo laboral cada vez m\u00e1s basado en la innovaci\u00f3n y la tecnolog\u00eda. Voceros del programa han destacado que el verdadero objetivo no es solo construir autos en miniatura, sino formar profesionales con visi\u00f3n global y capacidad para integrarse en ecosistemas tecnol\u00f3gicos como el de semiconductores que Costa Rica impulsa actualmente.<\/p>\n\n\n\n<h2 class=\"wp-block-heading\">Proyecci\u00f3n internacional y visi\u00f3n a mediano plazo<\/h2>\n\n\n\n<p>Para los pr\u00f3ximos ciclos, se proyecta que equipos costarricenses representen al pa\u00eds en competencias internacionales como STEM Racing Espa\u00f1a, ampliando la presencia de Costa Rica en esta plataforma educativa global. La visi\u00f3n a cinco a\u00f1os del programa incluye ampliar la cobertura a m\u00e1s centros educativos, fortalecer la articulaci\u00f3n con la educaci\u00f3n t\u00e9cnica y consolidar puentes entre las aulas y las necesidades del sector productivo. De esta manera, Costa Rica apuesta por una educaci\u00f3n STEM que combine alta exigencia acad\u00e9mica, innovaci\u00f3n y experiencias reales de aprendizaje para la juventud.<\/p>\n\n\n\n<h2 class=\"wp-block-heading\">Fuentes oficiales<\/h2>\n\n\n\n<ul class=\"wp-block-list\">\n<li>Ministerio de Educaci\u00f3n P\u00fablica (MEP): noticia oficial \u201cCosta Rica acelera la educaci\u00f3n STEM con un programa inspirado en la f\u00f3rmula 1\u201d y comunicados en redes sociales institucionales.<\/li>\n\n\n\n<li>Sitio de noticias del MEP sobre F1 in Schools Costa Rica: informaci\u00f3n de contexto sobre la competencia, convenios con EPICENTRO y participaci\u00f3n de centros educativos.<\/li>\n\n\n\n<li>Comunicados y notas de prensa de STEM Racing Costa Rica y medios especializados en educaci\u00f3n y tecnolog\u00eda (como El Guardi\u00e1n): alcance del programa, inversi\u00f3n e impacto en estudiantes.<\/li>\n\n\n\n<li>Publicaciones en redes sociales oficiales del MEP sobre educaci\u00f3n STEM y F\u00f3rmula 1 in Schools: datos actualizados sobre centros participantes y cobertura territorial.<\/li>\n<\/ul>\n\n\n\n<p><\/p>\n","protected":false},"excerpt":{"rendered":"<p>Impulso a la educaci\u00f3n STEM desde las aulas El Ministerio de Educaci\u00f3n P\u00fablica (MEP) anunci\u00f3 el fortalecimiento de la educaci\u00f3n STEM en Costa Rica mediante el programa STEM Racing Costa Rica, una iniciativa inspirada en la F\u00f3rmula 1 que busca acercar a las y los estudiantes a carreras cient\u00edficas y tecnol\u00f3gicas. El proyecto forma parte [&hellip;]<\/p>\n","protected":false},"author":16,"featured_media":10696,"comment_status":"open","ping_status":"open","sticky":false,"template":"","format":"standard","meta":{"footnotes":""},"categories":[87,99],"tags":[],"class_list":["post-10695","post","type-post","status-publish","format-standard","has-post-thumbnail","hentry","category-noticias","category-noticias-nacionales"],"_links":{"self":[{"href":"https:\/\/peopleofcostarica.com\/es\/wp-json\/wp\/v2\/posts\/10695","targetHints":{"allow":["GET"]}}],"collection":[{"href":"https:\/\/peopleofcostarica.com\/es\/wp-json\/wp\/v2\/posts"}],"about":[{"href":"https:\/\/peopleofcostarica.com\/es\/wp-json\/wp\/v2\/types\/post"}],"author":[{"embeddable":true,"href":"https:\/\/peopleofcostarica.com\/es\/wp-json\/wp\/v2\/users\/16"}],"replies":[{"embeddable":true,"href":"https:\/\/peopleofcostarica.com\/es\/wp-json\/wp\/v2\/comments?post=10695"}],"version-history":[{"count":2,"href":"https:\/\/peopleofcostarica.com\/es\/wp-json\/wp\/v2\/posts\/10695\/revisions"}],"predecessor-version":[{"id":10699,"href":"https:\/\/peopleofcostarica.com\/es\/wp-json\/wp\/v2\/posts\/10695\/revisions\/10699"}],"wp:featuredmedia":[{"embeddable":true,"href":"https:\/\/peopleofcostarica.com\/es\/wp-json\/wp\/v2\/media\/10696"}],"wp:attachment":[{"href":"https:\/\/peopleofcostarica.com\/es\/wp-json\/wp\/v2\/media?parent=10695"}],"wp:term":[{"taxonomy":"category","embeddable":true,"href":"https:\/\/peopleofcostarica.com\/es\/wp-json\/wp\/v2\/categories?post=10695"},{"taxonomy":"post_tag","embeddable":true,"href":"https:\/\/peopleofcostarica.com\/es\/wp-json\/wp\/v2\/tags?post=10695"}],"curies":[{"name":"wp","href":"https:\/\/api.w.org\/{rel}","templated":true}]}}