{"id":10646,"date":"2026-03-16T18:41:25","date_gmt":"2026-03-16T18:41:25","guid":{"rendered":"https:\/\/peopleofcostarica.com\/?p=10646"},"modified":"2026-03-16T22:57:00","modified_gmt":"2026-03-16T22:57:00","slug":"banda-comunal-la-fortuna-embajadora-musical-de-costa-rica-rumbo-a-brasil-2026","status":"publish","type":"post","link":"https:\/\/peopleofcostarica.com\/es\/banda-comunal-la-fortuna-embajadora-musical-de-costa-rica-rumbo-a-brasil-2026\/","title":{"rendered":"Banda Comunal La Fortuna: embajadora musical de Costa Rica rumbo a brasil 2026"},"content":{"rendered":"\n<p>La Banda Comunal La Fortuna de San Carlos se prepara para una hist\u00f3rica gira internacional que la llevar\u00e1 a representar a Costa Rica en una competencia de bandas de marcha en Brasil en 2026. El conjunto viajar\u00e1 al estado de S\u00e3o Paulo para presentarse en el municipio de Mairipor\u00e3, en el marco del evento Imagination Marching Concepts, convirti\u00e9ndose as\u00ed en la primera banda de marcha costarricense en participar en este tipo de certamen en territorio brasile\u00f1o.<\/p>\n\n\n\n<h2 class=\"wp-block-heading\">Una banda juvenil con ra\u00edces en La Fortuna de San Carlos<\/h2>\n\n\n\n<p>La Banda Comunal La Fortuna es una agrupaci\u00f3n musical juvenil con sede en La Fortuna de San Carlos, cant\u00f3n de la provincia de Alajuela, reconocida por su trabajo formativo y por su presencia en desfiles y festivales dentro y fuera de la regi\u00f3n norte. De acuerdo con el Sistema de Informaci\u00f3n Cultural de Costa Rica (Sicultura), la banda fue fundada el 1 de mayo de 2010 y forma parte de las agrupaciones de m\u00fasica tradicional y t\u00edpica registradas ante el Ministerio de Cultura y Juventud. A lo largo de los a\u00f1os ha consolidado una identidad propia, combinando repertorio costarricense con formatos contempor\u00e1neos de banda de marcha juvenil.<\/p>\n\n\n\n<h2 class=\"wp-block-heading\">Rumbo a Mairipor\u00e3: fechas y detalles de la gira<\/h2>\n\n\n\n<p>Seg\u00fan la informaci\u00f3n difundida por la propia Banda Comunal La Fortuna y medios nacionales, la gira internacional a Brasil se realizar\u00e1 del 7 al 13 de octubre de 2026. Durante esos d\u00edas la agrupaci\u00f3n participar\u00e1 en el evento Imagination Marching Concepts en Mairipor\u00e3, con presentaciones programadas para el 9, 10 y 11 de octubre, adem\u00e1s de la posibilidad de sumar otros conciertos en la ciudad de S\u00e3o Paulo. Esta participaci\u00f3n marca un hito para el movimiento de bandas comunales del pa\u00eds, ya que ser\u00e1 la primera vez que una banda de marcha costarricense se presente en un evento de este tipo en Brasil.<\/p>\n\n\n\n<h2 class=\"wp-block-heading\">Composici\u00f3n de la banda y propuesta art\u00edstica<\/h2>\n\n\n\n<p>La Banda Comunal La Fortuna est\u00e1 integrada por alrededor de 220 j\u00f3venes m\u00fasicos y bailarines, quienes conforman secciones de vientos, percusi\u00f3n y elementos visuales propios del formato de marcha moderna. Para la gira a Brasil, la agrupaci\u00f3n ha anunciado que llevar\u00e1 un repertorio que incluye distintos ritmos costarricenses, buscando mostrar la diversidad musical del pa\u00eds a trav\u00e9s de piezas inspiradas en la tradici\u00f3n nacional y arreglos adaptados al lenguaje de banda de marcha. Esta propuesta art\u00edstica combina disciplina t\u00e9cnica, coreograf\u00eda y puesta en escena, con el objetivo de proyectar una imagen fresca y contempor\u00e1nea de la cultura costarricense.<\/p>\n\n\n\n<h2 class=\"wp-block-heading\">Trayectoria reciente y presencia en eventos nacionales<\/h2>\n\n\n\n<p>En los \u00faltimos a\u00f1os, la Banda Comunal La Fortuna ha tenido participaci\u00f3n constante en actividades de gran visibilidad, como el Festival de la Luz en San Jos\u00e9, donde ha sido reconocida por su calidad musical y su impacto visual en los desfiles. Tambi\u00e9n ha estado presente en eventos regionales como la Expo Arenal, donde ha representado a la zona norte en presentaciones especiales y ha sido destacada como una de las bandas m\u00e1s sobresalientes de la regi\u00f3n. Esta trayectoria ha permitido a la agrupaci\u00f3n construir un perfil s\u00f3lido que ahora se proyecta a escenarios internacionales como el de Brasil.<\/p>\n\n\n\n<h2 class=\"wp-block-heading\">Formaci\u00f3n, comunidad y apoyo institucional<\/h2>\n\n\n\n<p>De acuerdo con la ficha registrada en Sicultura, la Banda Comunal La Fortuna trabaja como un proyecto comunitario que ofrece formaci\u00f3n musical y art\u00edstica a la juventud de La Fortuna y sus alrededores. Bajo la direcci\u00f3n de su equipo art\u00edstico, el proyecto fomenta valores como la disciplina, el trabajo en equipo y el liderazgo, al tiempo que brinda oportunidades de desarrollo cultural y recreativo para los participantes. La banda ha recibido apoyo de diferentes actores locales y nacionales, incluyendo instituciones municipales y entidades culturales, que han contribuido a fortalecer su labor formativa y a hacer posible su participaci\u00f3n en giras internacionales.<\/p>\n\n\n\n<h2 class=\"wp-block-heading\">Un hito para las bandas comunales de costa rica<\/h2>\n\n\n\n<p>La presencia de la Banda Comunal La Fortuna en una competencia internacional en Brasil representa un paso importante para el movimiento de bandas de marcha y bandas comunales del pa\u00eds. Este logro visibiliza el trabajo que realizan numerosas agrupaciones juveniles a nivel nacional y abre la posibilidad de nuevas invitaciones y colaboraciones en el extranjero. Adem\u00e1s, la gira se convierte en una plataforma para difundir la m\u00fasica costarricense, fortalecer el intercambio cultural y posicionar a Costa Rica como un referente en formaci\u00f3n art\u00edstica comunitaria.<\/p>\n\n\n\n<h2 class=\"wp-block-heading\">Fuentes oficiales<\/h2>\n\n\n\n<ul class=\"wp-block-list\">\n<li>Sistema de informaci\u00f3n cultural de costa rica (sicultura), ficha oficial \u201cbanda comunal de la fortuna\u201d: datos de registro, localidad, a\u00f1o de fundaci\u00f3n y contactos institucionales.<a href=\"https:\/\/si.cultura.cr\/agrupaciones-y-organizaciones\/banda-comunal-de-la-fortuna\" target=\"_blank\" rel=\"noreferrer noopener\"><\/a>\u200b<\/li>\n\n\n\n<li>P\u00e1gina oficial en redes sociales de banda comunal la fortuna: anuncios, comunicados y actualizaci\u00f3n de actividades y giras.<\/li>\n\n\n\n<li>Nota informativa sobre la banda comunal la fortuna y su participaci\u00f3n en concurso en brasil (ticoslandia): contexto sobre la gira internacional y descripci\u00f3n de la banda como agrupaci\u00f3n juvenil de marcha.<a href=\"https:\/\/ticoslandia.com\/la-banda-de-musica-de-la-fortuna-lista-para-el-historico-concurso-de-brasil\/\" target=\"_blank\" rel=\"noreferrer noopener\"><\/a>\u200b<\/li>\n\n\n\n<li>Publicaciones de medios nacionales y regionales (incluyendo teletica y otros canales) sobre la gira a mairipor\u00e3 y el evento imagination marching concepts.<\/li>\n<\/ul>\n\n\n\n<p><\/p>\n","protected":false},"excerpt":{"rendered":"<p>La Banda Comunal La Fortuna de San Carlos se prepara para una hist\u00f3rica gira internacional que la llevar\u00e1 a representar a Costa Rica en una competencia de bandas de marcha en Brasil en 2026. El conjunto viajar\u00e1 al estado de S\u00e3o Paulo para presentarse en el municipio de Mairipor\u00e3, en el marco del evento Imagination [&hellip;]<\/p>\n","protected":false},"author":16,"featured_media":10649,"comment_status":"open","ping_status":"open","sticky":false,"template":"","format":"standard","meta":{"footnotes":""},"categories":[93,87],"tags":[],"class_list":["post-10646","post","type-post","status-publish","format-standard","has-post-thumbnail","hentry","category-costa-rica-en-el-mundo","category-noticias"],"_links":{"self":[{"href":"https:\/\/peopleofcostarica.com\/es\/wp-json\/wp\/v2\/posts\/10646","targetHints":{"allow":["GET"]}}],"collection":[{"href":"https:\/\/peopleofcostarica.com\/es\/wp-json\/wp\/v2\/posts"}],"about":[{"href":"https:\/\/peopleofcostarica.com\/es\/wp-json\/wp\/v2\/types\/post"}],"author":[{"embeddable":true,"href":"https:\/\/peopleofcostarica.com\/es\/wp-json\/wp\/v2\/users\/16"}],"replies":[{"embeddable":true,"href":"https:\/\/peopleofcostarica.com\/es\/wp-json\/wp\/v2\/comments?post=10646"}],"version-history":[{"count":2,"href":"https:\/\/peopleofcostarica.com\/es\/wp-json\/wp\/v2\/posts\/10646\/revisions"}],"predecessor-version":[{"id":10650,"href":"https:\/\/peopleofcostarica.com\/es\/wp-json\/wp\/v2\/posts\/10646\/revisions\/10650"}],"wp:featuredmedia":[{"embeddable":true,"href":"https:\/\/peopleofcostarica.com\/es\/wp-json\/wp\/v2\/media\/10649"}],"wp:attachment":[{"href":"https:\/\/peopleofcostarica.com\/es\/wp-json\/wp\/v2\/media?parent=10646"}],"wp:term":[{"taxonomy":"category","embeddable":true,"href":"https:\/\/peopleofcostarica.com\/es\/wp-json\/wp\/v2\/categories?post=10646"},{"taxonomy":"post_tag","embeddable":true,"href":"https:\/\/peopleofcostarica.com\/es\/wp-json\/wp\/v2\/tags?post=10646"}],"curies":[{"name":"wp","href":"https:\/\/api.w.org\/{rel}","templated":true}]}}