{"id":10636,"date":"2026-03-16T18:30:22","date_gmt":"2026-03-16T18:30:22","guid":{"rendered":"https:\/\/peopleofcostarica.com\/?p=10636"},"modified":"2026-03-16T18:33:53","modified_gmt":"2026-03-16T18:33:53","slug":"el-camino-de-costa-rica-el-nuevo-destino-estrella-para-2026","status":"publish","type":"post","link":"https:\/\/peopleofcostarica.com\/es\/el-camino-de-costa-rica-el-nuevo-destino-estrella-para-2026\/","title":{"rendered":"El camino de costa rica: el nuevo destino estrella para 2026"},"content":{"rendered":"\n<h2 class=\"wp-block-heading\">&#8216;Time&#8217; pone los ojos en el camino de costa rica<\/h2>\n\n\n\n<p>La reconocida revista estadounidense Time incluy\u00f3 recientemente a El Camino de Costa Rica en su lista de \u201cWorld\u2019s Greatest Places 2026\u201d, destac\u00e1ndolo como una de las rutas de senderismo m\u00e1s interesantes del mundo para este a\u00f1o. En su rese\u00f1a, Time subraya que este trayecto de costa a costa permite cruzar r\u00edos, monta\u00f1as nubladas y densas selvas tropicales en 16 etapas, ofreciendo una experiencia de inmersi\u00f3n profunda en la Costa Rica rural que muchos visitantes tradicionales no llegan a conocer. Para viajeros que buscan algo m\u00e1s que sol y playa, esta menci\u00f3n consolida al camino como una opci\u00f3n ideal para turismo de naturaleza, aventura y conexi\u00f3n cultural.<a href=\"https:\/\/time.com\/collection\/worlds-greatest-places\/2026\/el-camino-de-costa-rica\/\" target=\"_blank\" rel=\"noreferrer noopener\"><\/a>\u200b<\/p>\n\n\n\n<h2 class=\"wp-block-heading\">Qu\u00e9 es el camino de costa rica<\/h2>\n\n\n\n<p><br>El Camino de Costa Rica es una ruta de senderismo de aproximadamente 280 kil\u00f3metros que cruza el pa\u00eds de este a oeste, desde la costa Caribe hasta el oc\u00e9ano Pac\u00edfico. Inspirado en el famoso Camino de Santiago, este trazado se puede recorrer en unos quince o diecis\u00e9is d\u00edas, siguiendo etapas consecutivas que enlazan comunidades rurales, territorios ind\u00edgenas, valles agr\u00edcolas y zonas monta\u00f1osas. La ruta inicia en la costa atl\u00e1ntica, en poblados como Parismina o Barra del Pacuare, y concluye en la regi\u00f3n de Quepos, en el Pac\u00edfico central, permitiendo literalmente caminar \u201cde mar a mar\u201d.<\/p>\n\n\n\n<h2 class=\"wp-block-heading\">Un proyecto de turismo rural comunitario<\/h2>\n\n\n\n<p><br>Detr\u00e1s de El Camino de Costa Rica est\u00e1 la asociaci\u00f3n sin fines de lucro Mar a Mar, constituida legalmente en 2015 en Costa Rica y conformada por empresarios, profesionales del turismo, l\u00edderes locales y excursionistas comprometidos con el desarrollo sostenible. Esta organizaci\u00f3n coordina una red de alojamientos, restaurantes y asociaciones de desarrollo comunal a lo largo de la ruta, conocida como la Red de Albergues del Camino de Costa Rica y la Red de ADIs del Camino de Costa Rica, que busca que los beneficios del turismo se queden en las comunidades anfitrionas. El objetivo central del proyecto es promover un turismo rural respetuoso con el medio ambiente, que contribuya al bienestar econ\u00f3mico local sin sacrificar la conservaci\u00f3n de los ecosistemas.<\/p>\n\n\n\n<h2 class=\"wp-block-heading\">De mar Caribe a oc\u00e9ano Pac\u00edfico: el recorrido<\/h2>\n\n\n\n<p><br>El Camino de Costa Rica se extiende desde la costa caribe\u00f1a, en el sector sur de los canales de Tortuguero y localidades como Parismina o Barra del Pacuare, hacia las monta\u00f1as del interior y, finalmente, hasta el Pac\u00edfico central. En su trayecto atraviesa territorios ind\u00edgenas como la reserva Nairi-Awari, zonas cercanas al Parque Nacional Barbilla, \u00e1reas rurales al lado del Parque Nacional Tapant\u00ed y valles como Orosi, antes de ascender hasta puntos de altura que superan los 2.100 metros en sectores como El Empalme. Desde la parte central del pa\u00eds, el sendero contin\u00faa entre paisajes cafetaleros en la zona de Tarraz\u00fa y Los Santos, para luego descender hasta la ciudad de Quepos, puerta de entrada al litoral pac\u00edfico.<\/p>\n\n\n\n<h2 class=\"wp-block-heading\">Una experiencia de naturaleza y cultura<\/h2>\n\n\n\n<p><br>Time describe el camino como una experiencia donde el senderista puede \u201cmojarse los pies\u201d en r\u00edos caudalosos, caminar bajo nubes en la monta\u00f1a y cruzar selvas densas, todo en un mismo recorrido. M\u00e1s all\u00e1 de los paisajes, uno de los principales atractivos es el contacto cercano con comunidades locales: familias que abren sus casas, gu\u00edas ind\u00edgenas cab\u00e9car en la reserva Nairi-Awari y productores de banano, pi\u00f1a, cacao, caf\u00e9 y ca\u00f1a de az\u00facar que comparten su entorno cotidiano. De esta manera, el excursionista accede a una Costa Rica menos tur\u00edstica, donde la vida rural, las tradiciones y la hospitalidad se convierten en parte esencial de la experiencia.<\/p>\n\n\n\n<h2 class=\"wp-block-heading\">Mar a mar y el respaldo institucional<\/h2>\n\n\n\n<p><br>La asociaci\u00f3n Mar a Mar lidera el dise\u00f1o, la gesti\u00f3n y la promoci\u00f3n oficial de la ruta, as\u00ed como la articulaci\u00f3n con emprendimientos locales a lo largo del recorrido. Desde la apertura formal del camino en 2018, el proyecto cuenta con el apoyo del Instituto Costarricense de Turismo (ICT), que lo ha promovido en mercados de Europa y Norteam\u00e9rica, logrando visibilidad en medios internacionales de viajes, incluyendo publicaciones en National Geographic, The New York Times y ahora la lista de Time. Adem\u00e1s, Mar a Mar colabora con organizaciones internacionales como Conexiones con el Mundo en Desarrollo (Developing World Connections \u2013 DWC) para mejorar infraestructura b\u00e1sica en comunidades vulnerables de la ruta, como acceso a agua potable, servicios sanitarios y \u00e1reas de acampe administradas localmente.<\/p>\n\n\n\n<h2 class=\"wp-block-heading\">Prepararse para caminar el camino<\/h2>\n\n\n\n<p><br>El sitio oficial de El Camino de Costa Rica ofrece recomendaciones detalladas para la planificaci\u00f3n, incluyendo tiempos estimados, niveles de dificultad por etapa y sugerencias de equipo. La ruta se organiza en 16 tramos que pueden hacerse de forma continua, en aproximadamente dos semanas, o en secciones independientes seg\u00fan el tiempo disponible y la condici\u00f3n f\u00edsica del visitante. En la web de la organizaci\u00f3n tambi\u00e9n se encuentra informaci\u00f3n sobre reservas de alojamiento, servicios de gu\u00edas, opciones de transporte de equipaje y contactos locales, lo que facilita preparar una traves\u00eda segura y responsable.<\/p>\n\n\n\n<h2 class=\"wp-block-heading\">Impacto en las comunidades locales<\/h2>\n\n\n\n<p><br>El Camino de Costa Rica fue concebido como una herramienta concreta para diversificar el turismo y generar oportunidades econ\u00f3micas en zonas rurales que hist\u00f3ricamente han quedado fuera de los principales circuitos tur\u00edsticos. Gracias a la ruta, familias y asociaciones locales pueden ofrecer hospedaje, alimentaci\u00f3n, guianza y servicios complementarios, lo cual fomenta la creaci\u00f3n de empleo y reduce la necesidad de migrar hacia centros urbanos. A la vez, el modelo impulsa que estos emprendimientos se desarrollen bajo principios de sostenibilidad, desde el manejo de residuos hasta la protecci\u00f3n de fuentes de agua y bosques cercanos al sendero.<\/p>\n\n\n\n<h2 class=\"wp-block-heading\">Por qu\u00e9 el camino de costa rica es un destino clave para 2026<\/h2>\n\n\n\n<p><br>La combinaci\u00f3n de espectacular biodiversidad, turismo rural comunitario y respaldo institucional convierte a El Camino de Costa Rica en una propuesta muy alineada con las tendencias globales de viaje responsable. El reconocimiento de Time en su lista de \u201cWorld\u2019s Greatest Places 2026\u201d refuerza la proyecci\u00f3n internacional de la ruta y confirma el potencial del pa\u00eds para seguir liderando en turismo sostenible m\u00e1s all\u00e1 de sus destinos cl\u00e1sicos. Para quienes buscan caminar el pa\u00eds \u201cpaso a paso\u201d, convivir con comunidades locales e internarse en paisajes que van del Caribe al Pac\u00edfico, este camino aparece hoy como una de las experiencias m\u00e1s aut\u00e9nticas que Costa Rica puede ofrecer.<\/p>\n\n\n\n<h2 class=\"wp-block-heading\">Fuentes oficiales y de referencia recomendadas<\/h2>\n\n\n\n<ul class=\"wp-block-list\">\n<li>Sitio oficial de el camino de costa rica (asociaci\u00f3n mar a mar): informaci\u00f3n institucional, etapas, preparaci\u00f3n del viaje, red de albergues y asociaciones locales.<\/li>\n\n\n\n<li>P\u00e1gina \u201cprep\u00e1rate para la excursi\u00f3n\u201d (camino de costa rica): recomendaciones pr\u00e1cticas, log\u00edstica y consejos de seguridad para senderistas.<a href=\"https:\/\/caminodecostarica.org\/es\/preparate-para-la-excursion\/\" target=\"_blank\" rel=\"noreferrer noopener\"><\/a>\u200b<\/li>\n\n\n\n<li>Secci\u00f3n \u201cqui\u00e9nes somos\u201d de mar a mar: detalle de la asociaci\u00f3n, su estructura organizativa y objetivos de desarrollo comunitario.<a href=\"https:\/\/caminodecostarica.org\/es\/sobre-nosotros\/\" target=\"_blank\" rel=\"noreferrer noopener\"><\/a>\u200b<\/li>\n\n\n\n<li>Secci\u00f3n \u201cas\u00f3ciate con nosotros\u201d de mar a mar: informaci\u00f3n sobre socios, alianzas con el ict y otros organismos, as\u00ed como proyectos de infraestructura en comunidades de la ruta.<a href=\"https:\/\/caminodecostarica.org\/es\/sobre-nosotros\/asociate-con-nosotros\/\" target=\"_blank\" rel=\"noreferrer noopener\"><\/a>\u200b<\/li>\n\n\n\n<li>Art\u00edculo de time \u201cel camino de costa rica: world\u2019s greatest places 2026\u201d: rese\u00f1a internacional que explica por qu\u00e9 la revista destaca esta ruta como uno de los grandes lugares del mundo para este a\u00f1o.<a href=\"https:\/\/time.com\/collection\/worlds-greatest-places\/2026\/el-camino-de-costa-rica\/\" target=\"_blank\" rel=\"noreferrer noopener\"><\/a>\u200b<\/li>\n\n\n\n<li>Art\u00edculo informativo sobre el proyecto de turismo rural \u201cel camino de costa rica\u201d en puravida university: contexto adicional sobre la filosof\u00eda de turismo rural y el dise\u00f1o de la ruta de costa a costa.<a href=\"https:\/\/www.puravidauniversity.eu\/blog\/el-camino-de-costa-rica-el-proyecto-de-turismo-rural-de-costa-a-costa\/\" target=\"_blank\" rel=\"noreferrer noopener\"><\/a>\u200b<\/li>\n<\/ul>\n\n\n\n<p><\/p>\n","protected":false},"excerpt":{"rendered":"<p>&#8216;Time&#8217; pone los ojos en el camino de costa rica La reconocida revista estadounidense Time incluy\u00f3 recientemente a El Camino de Costa Rica en su lista de \u201cWorld\u2019s Greatest Places 2026\u201d, destac\u00e1ndolo como una de las rutas de senderismo m\u00e1s interesantes del mundo para este a\u00f1o. En su rese\u00f1a, Time subraya que este trayecto de [&hellip;]<\/p>\n","protected":false},"author":16,"featured_media":10637,"comment_status":"open","ping_status":"open","sticky":false,"template":"","format":"standard","meta":{"footnotes":""},"categories":[87,93],"tags":[],"class_list":["post-10636","post","type-post","status-publish","format-standard","has-post-thumbnail","hentry","category-noticias","category-costa-rica-en-el-mundo"],"_links":{"self":[{"href":"https:\/\/peopleofcostarica.com\/es\/wp-json\/wp\/v2\/posts\/10636","targetHints":{"allow":["GET"]}}],"collection":[{"href":"https:\/\/peopleofcostarica.com\/es\/wp-json\/wp\/v2\/posts"}],"about":[{"href":"https:\/\/peopleofcostarica.com\/es\/wp-json\/wp\/v2\/types\/post"}],"author":[{"embeddable":true,"href":"https:\/\/peopleofcostarica.com\/es\/wp-json\/wp\/v2\/users\/16"}],"replies":[{"embeddable":true,"href":"https:\/\/peopleofcostarica.com\/es\/wp-json\/wp\/v2\/comments?post=10636"}],"version-history":[{"count":2,"href":"https:\/\/peopleofcostarica.com\/es\/wp-json\/wp\/v2\/posts\/10636\/revisions"}],"predecessor-version":[{"id":10639,"href":"https:\/\/peopleofcostarica.com\/es\/wp-json\/wp\/v2\/posts\/10636\/revisions\/10639"}],"wp:featuredmedia":[{"embeddable":true,"href":"https:\/\/peopleofcostarica.com\/es\/wp-json\/wp\/v2\/media\/10637"}],"wp:attachment":[{"href":"https:\/\/peopleofcostarica.com\/es\/wp-json\/wp\/v2\/media?parent=10636"}],"wp:term":[{"taxonomy":"category","embeddable":true,"href":"https:\/\/peopleofcostarica.com\/es\/wp-json\/wp\/v2\/categories?post=10636"},{"taxonomy":"post_tag","embeddable":true,"href":"https:\/\/peopleofcostarica.com\/es\/wp-json\/wp\/v2\/tags?post=10636"}],"curies":[{"name":"wp","href":"https:\/\/api.w.org\/{rel}","templated":true}]}}